{"id":6696,"date":"2024-06-27T17:18:05","date_gmt":"2024-06-27T20:18:05","guid":{"rendered":"https:\/\/ajimport.com.br\/5-dicas-para-escolher-moveis-de-exterior-que-combinam-conforto-e-estilo\/"},"modified":"2024-07-04T08:50:32","modified_gmt":"2024-07-04T11:50:32","slug":"5-dicas-para-escolher-moveis-de-exterior-que-combinam-conforto-e-estilo","status":"publish","type":"post","link":"https:\/\/ajimport.com.br\/en\/5-dicas-para-escolher-moveis-de-exterior-que-combinam-conforto-e-estilo\/","title":{"rendered":"5 Dicas para Escolher M\u00f3veis de \u00e1rea externa"},"content":{"rendered":"<h3 id=\"import\u00e2ncia-de-escolher-bem\">Import\u00e2ncia de escolher bem<\/h3>\n<p>Escolher m\u00f3veis de \u00e1rea externa pode parecer simples, mas \u00e9 uma decis\u00e3o que diz muito sobre o seu espa\u00e7o ao ar livre. Mob\u00edlia de boa qualidade pode transformar seu quintal ou varanda num cantinho de escape e conforto. Ent\u00e3o, ao escolher considere o conforto, optando por cadeiras e sof\u00e1s com almofadas f\u00e1ceis de limpar. Lembre-se, pe\u00e7as bem escolhidas elevam o ambiente e convidam para momentos de lazer ao livre.<\/p>\n<p><img decoding=\"async\" src=\"https:\/\/assets.usestyle.ai\/i\/11f1e243-33cb-4fa2-98d6-6a1cc0f51397\" alt=\"\" \/><\/p>\n<h3 id=\"dica-1-entenda-os-diferentes-materiais-de-m\u00f3veis-de-exterior\">Dica 1: Entenda os diferentes materiais de m\u00f3veis de \u00e1rea externa<\/h3>\n<p>Na hora de escolher m\u00f3veis de \u00e1rea externas que combinem conforto e estilo, entender os diferentes materiais \u00e9 fundamental.<\/p>\n<p>M\u00f3veis de <a href=\"https:\/\/ajimport.com.br\/en\/product\/conjunto-mesa-com-4-cadeiras-com-textura-de-madeira\/\">madeira sint\u00e9tica<\/a> transmitem sensa\u00e7\u00e3o de naturalidade e conforto para o ambiente, sendo um material de f\u00e1cil manuten\u00e7\u00e3o. J\u00e1 os de <a href=\"https:\/\/ajimport.com.br\/en\/product\/espreguicadeira-de-metal-com-estofado\/\">a\u00e7o<\/a> s\u00e3o resistentes e dur\u00e1veis, al\u00e9m de serem recicl\u00e1veis tamb\u00e9m s\u00e3o resistentes a intemp\u00e9ries como sol, chuva e umidade. E n\u00e3o esque\u00e7a dos tecidos para almofadas e estofados, que devem ser <a href=\"https:\/\/ajimport.com.br\/en\/product\/balanco-dublo-de-metal-com-estofado\/\">resistentes a uv e \u00e0 \u00e1gua.<\/a><\/p>\n<h3 id=\"dica-2-priorize-o-conforto-sem-comprometer-o-estilo\">Dica 2: Priorize o conforto sem comprometer o estilo<\/h3>\n<p>Ao procurar m\u00f3veis de \u00e1rea externas, o conforto \u00e9 rei, mas isso n\u00e3o significa que voc\u00ea deve abrir m\u00e3o do estilo. Encontre pe\u00e7as que ofere\u00e7am ambos, por exemplo, cadeiras com assento macio ou <a href=\"https:\/\/ajimport.com.br\/en\/product\/conjunto-de-sofa-com-poltronas-e-mesa-de-centro-2\/\">conjunto de sof\u00e1s com poltronas e mesa de centro<\/a> podem aumentar o conforto, e ainda assim ter um design que reflete seu estilo pessoal.<\/p>\n<h3 id=\"dica-3-escolha-pe\u00e7as-que-se-adaptem-ao-clima-da-sua-regi\u00e3o\">Dica 3: Escolha pe\u00e7as que se adaptem ao clima da sua regi\u00e3o<\/h3>\n<p>Se voc\u00ea mora em uma \u00e1rea com clima \u00famido e chuvoso, escolha m\u00f3veis feitos de materiais como o alum\u00ednio, que s\u00e3o resistentes ao desgaste pela \u00e1gua. Em lugares com muita exposi\u00e7\u00e3o ao sol, os m\u00f3veis de exterior devem ter prote\u00e7\u00e3o contra os raios UV para n\u00e3o desbotarem. Se a sua regi\u00e3o tem ventos fortes, busque m\u00f3veis robustos ou com op\u00e7\u00f5es para fixar no ch\u00e3o. Ao escolher pe\u00e7as que resistam bem ao clima local, voc\u00ea garante que seus m\u00f3veis de \u00e1rea externas mantenham a beleza e a utilidade por muito mais tempo, sem se deteriorarem.<\/p>\n<h3 id=\"dica-4-integre-os-m\u00f3veis-ao-ambiente-externo-e-ao-seu-gosto-pessoal\">Dica 4: Integre os m\u00f3veis ao ambiente externo e ao seu gosto pessoal<\/h3>\n<p>Ter m\u00f3veis que refletem seu estilo pessoal \u00e9 chave para um espa\u00e7o ao ar livre que voc\u00ea realmente ir\u00e1 aproveitar, n\u00e3o esque\u00e7a de considerar o ambiente ao seu redor. Se sua casa tem uma est\u00e9tica moderna, busque m\u00f3veis de linhas retas e designs minimalistas, j\u00e1 para uma casa campestre, m\u00f3veis robustos de madeira pl\u00e1stica podem ser a escolha ideal.<\/p>\n<p>Lembre-se tamb\u00e9m das cores, tanto de sua casa quanto do paisagismo, se voc\u00ea tem um jardim colorido, talvez optar por m\u00f3veis com tons neutros para que n\u00e3o briguem com o colorido das flores e folhagens. Por fim, seu conforto deve ser prioridade. Escolha m\u00f3veis que sejam convidativos e que fa\u00e7am voc\u00ea sentir-se relaxado ao descansar sob o c\u00e9u aberto.<\/p>\n<h3 id=\"dica-5-como-proteger-e-cuidar-dos-seus-m\u00f3veis-de-exterior\">Dica 5: Como proteger e cuidar dos seus m\u00f3veis de exterior<\/h3>\n<p>M\u00f3veis de exterior precisam enfrentar o sol, chuva e at\u00e9 mesmo o sereno. Isso significa que voc\u00ea deve escolher pe\u00e7as resistentes, mas tamb\u00e9m precisa cuidar delas para durarem.<\/p>\n<p>Primeiro, olhe a materialidade: madeira, a\u00e7o, tecido ou rattan, cada um tem sua forma de cuidado, use capas protetoras ou guarde os m\u00f3veis em locais cobertos quando n\u00e3o estiverem em uso.<\/p>\n<p>A limpeza regular \u00e9 essencial, um pano \u00famido com \u00e1gua para tirar a sujeira do dia a dia, se for de madeira pl\u00e1stica ou rattan. J\u00e1 os de metal, aten\u00e7\u00e3o \u00e0 ferrugem &#8211; uma pintura anual pode ser um bom escudo, al\u00e9m de fazer o processo de galvaniza\u00e7\u00e3o. E claro, n\u00e3o se esque\u00e7a os tecidos do assento! Se forem resistentes a \u00e1gua, melhor ainda, mas mesmo assim, lembre-se de recolher quando o mau tempo chegar. Com esses passos, seus m\u00f3veis v\u00e3o sempre parecer novos e convidativos.<\/p>\n<h3 id=\"encontrando-o-equil\u00edbrio-perfeito-entre-conforto-e-estilo-em-m\u00f3veis-de-exterior\">Encontrando o equil\u00edbrio perfeito entre conforto e estilo em m\u00f3veis de exterior<\/h3>\n<p>Escolher m\u00f3veis de exterior exige um olhar atento para n\u00e3o sacrificar o conforto em nome do estilo. Para encontrar essa harmonia, primeiro pense na funcionalidade. O m\u00f3vel vai servir para refei\u00e7\u00f5es ao ar livre ou relaxamento ao sol? Ap\u00f3s definir o uso, considere o material. A\u00e7o e madeira pl\u00e1stica resistem \u00e0s intemp\u00e9ries. Mas n\u00e3o esque\u00e7a do conforto. Verifique se as cadeiras t\u00eam almofadas e se os sof\u00e1s suportam o peso corporal sem deformar, e lembre-se, o estilo deve refletir o seu gosto pessoal e combinar com o ambiente externo da sua casa para criar um espa\u00e7o convidativo.<\/p>","protected":false},"excerpt":{"rendered":"<p>Discover expert tips for choosing outdoor furniture that combines comfort and style with our blog &#8216;5 Dicas para Escolher M\u00f3veis de Exterior que Combinam Conforto<\/p>","protected":false},"author":4,"featured_media":6695,"comment_status":"open","ping_status":"open","sticky":false,"template":"","format":"standard","meta":{"footnotes":""},"categories":[1],"tags":[],"class_list":["post-6696","post","type-post","status-publish","format-standard","has-post-thumbnail","hentry","category-blog"],"yoast_head":"<!-- This site is optimized with the Yoast SEO Premium plugin v24.7 (Yoast SEO v27.5) - https:\/\/yoast.com\/product\/yoast-seo-premium-wordpress\/ -->\n<title>5 Dicas para Escolher M\u00f3veis de \u00e1rea externa - AJ Import<\/title>\n<meta name=\"robots\" content=\"index, follow, max-snippet:-1, max-image-preview:large, max-video-preview:-1\" \/>\n<link rel=\"canonical\" href=\"https:\/\/ajimport.com.br\/en\/5-dicas-para-escolher-moveis-de-exterior-que-combinam-conforto-e-estilo\/\" \/>\n<meta property=\"og:locale\" content=\"en_US\" \/>\n<meta property=\"og:type\" content=\"article\" \/>\n<meta property=\"og:title\" content=\"5 Dicas para Escolher M\u00f3veis de \u00e1rea externa\" \/>\n<meta property=\"og:description\" content=\"Discover expert tips for choosing outdoor furniture that combines comfort and style with our blog &#039;5 Dicas para Escolher M\u00f3veis de Exterior que Combinam Conforto\" \/>\n<meta property=\"og:url\" content=\"https:\/\/ajimport.com.br\/en\/5-dicas-para-escolher-moveis-de-exterior-que-combinam-conforto-e-estilo\/\" \/>\n<meta property=\"og:site_name\" content=\"AJ Import\" \/>\n<meta property=\"article:publisher\" content=\"https:\/\/www.facebook.com\/grupoajimport\/?locale=pt_BR\" \/>\n<meta property=\"article:published_time\" content=\"2024-06-27T20:18:05+00:00\" \/>\n<meta property=\"article:modified_time\" content=\"2024-07-04T11:50:32+00:00\" \/>\n<meta property=\"og:image\" content=\"https:\/\/ajimport.com.br\/wp-content\/uploads\/2024\/06\/image-4.webp\" \/>\n\t<meta property=\"og:image:width\" content=\"1280\" \/>\n\t<meta property=\"og:image:height\" content=\"727\" \/>\n\t<meta property=\"og:image:type\" content=\"image\/webp\" \/>\n<meta name=\"author\" content=\"Fernando\" \/>\n<meta name=\"twitter:card\" content=\"summary_large_image\" \/>\n<meta name=\"twitter:label1\" content=\"Written by\" \/>\n\t<meta name=\"twitter:data1\" content=\"Fernando\" \/>\n\t<meta name=\"twitter:label2\" content=\"Est. reading time\" \/>\n\t<meta name=\"twitter:data2\" content=\"5 minutes\" \/>\n<script type=\"application\/ld+json\" class=\"yoast-schema-graph\">{\"@context\":\"https:\\\/\\\/schema.org\",\"@graph\":[{\"@type\":\"Article\",\"@id\":\"https:\\\/\\\/ajimport.com.br\\\/5-dicas-para-escolher-moveis-de-exterior-que-combinam-conforto-e-estilo\\\/#article\",\"isPartOf\":{\"@id\":\"https:\\\/\\\/ajimport.com.br\\\/5-dicas-para-escolher-moveis-de-exterior-que-combinam-conforto-e-estilo\\\/\"},\"author\":{\"name\":\"Fernando\",\"@id\":\"https:\\\/\\\/ajimport.com.br\\\/#\\\/schema\\\/person\\\/29b0a525e53cf3363135fccc35c14d4e\"},\"headline\":\"5 Dicas para Escolher M\u00f3veis de \u00e1rea externa\",\"datePublished\":\"2024-06-27T20:18:05+00:00\",\"dateModified\":\"2024-07-04T11:50:32+00:00\",\"mainEntityOfPage\":{\"@id\":\"https:\\\/\\\/ajimport.com.br\\\/5-dicas-para-escolher-moveis-de-exterior-que-combinam-conforto-e-estilo\\\/\"},\"wordCount\":818,\"commentCount\":0,\"publisher\":{\"@id\":\"https:\\\/\\\/ajimport.com.br\\\/#organization\"},\"image\":{\"@id\":\"https:\\\/\\\/ajimport.com.br\\\/5-dicas-para-escolher-moveis-de-exterior-que-combinam-conforto-e-estilo\\\/#primaryimage\"},\"thumbnailUrl\":\"https:\\\/\\\/ajimport.com.br\\\/wp-content\\\/uploads\\\/2024\\\/06\\\/image-4.webp\",\"articleSection\":[\"Blog\"],\"inLanguage\":\"en-US\",\"potentialAction\":[{\"@type\":\"CommentAction\",\"name\":\"Comment\",\"target\":[\"https:\\\/\\\/ajimport.com.br\\\/5-dicas-para-escolher-moveis-de-exterior-que-combinam-conforto-e-estilo\\\/#respond\"]}]},{\"@type\":\"WebPage\",\"@id\":\"https:\\\/\\\/ajimport.com.br\\\/5-dicas-para-escolher-moveis-de-exterior-que-combinam-conforto-e-estilo\\\/\",\"url\":\"https:\\\/\\\/ajimport.com.br\\\/5-dicas-para-escolher-moveis-de-exterior-que-combinam-conforto-e-estilo\\\/\",\"name\":\"5 Dicas para Escolher M\u00f3veis de \u00e1rea externa - AJ Import\",\"isPartOf\":{\"@id\":\"https:\\\/\\\/ajimport.com.br\\\/#website\"},\"primaryImageOfPage\":{\"@id\":\"https:\\\/\\\/ajimport.com.br\\\/5-dicas-para-escolher-moveis-de-exterior-que-combinam-conforto-e-estilo\\\/#primaryimage\"},\"image\":{\"@id\":\"https:\\\/\\\/ajimport.com.br\\\/5-dicas-para-escolher-moveis-de-exterior-que-combinam-conforto-e-estilo\\\/#primaryimage\"},\"thumbnailUrl\":\"https:\\\/\\\/ajimport.com.br\\\/wp-content\\\/uploads\\\/2024\\\/06\\\/image-4.webp\",\"datePublished\":\"2024-06-27T20:18:05+00:00\",\"dateModified\":\"2024-07-04T11:50:32+00:00\",\"breadcrumb\":{\"@id\":\"https:\\\/\\\/ajimport.com.br\\\/5-dicas-para-escolher-moveis-de-exterior-que-combinam-conforto-e-estilo\\\/#breadcrumb\"},\"inLanguage\":\"en-US\",\"potentialAction\":[{\"@type\":\"ReadAction\",\"target\":[\"https:\\\/\\\/ajimport.com.br\\\/5-dicas-para-escolher-moveis-de-exterior-que-combinam-conforto-e-estilo\\\/\"]}]},{\"@type\":\"ImageObject\",\"inLanguage\":\"en-US\",\"@id\":\"https:\\\/\\\/ajimport.com.br\\\/5-dicas-para-escolher-moveis-de-exterior-que-combinam-conforto-e-estilo\\\/#primaryimage\",\"url\":\"https:\\\/\\\/ajimport.com.br\\\/wp-content\\\/uploads\\\/2024\\\/06\\\/image-4.webp\",\"contentUrl\":\"https:\\\/\\\/ajimport.com.br\\\/wp-content\\\/uploads\\\/2024\\\/06\\\/image-4.webp\",\"width\":1280,\"height\":727},{\"@type\":\"BreadcrumbList\",\"@id\":\"https:\\\/\\\/ajimport.com.br\\\/5-dicas-para-escolher-moveis-de-exterior-que-combinam-conforto-e-estilo\\\/#breadcrumb\",\"itemListElement\":[{\"@type\":\"ListItem\",\"position\":1,\"name\":\"Home\",\"item\":\"https:\\\/\\\/ajimport.com.br\\\/\"},{\"@type\":\"ListItem\",\"position\":2,\"name\":\"5 Dicas para Escolher M\u00f3veis de \u00e1rea externa\"}]},{\"@type\":\"WebSite\",\"@id\":\"https:\\\/\\\/ajimport.com.br\\\/#website\",\"url\":\"https:\\\/\\\/ajimport.com.br\\\/\",\"name\":\"AJ Import\",\"description\":\"A maior especialista em cadeiras  importadas do pa\u00eds.\",\"publisher\":{\"@id\":\"https:\\\/\\\/ajimport.com.br\\\/#organization\"},\"potentialAction\":[{\"@type\":\"SearchAction\",\"target\":{\"@type\":\"EntryPoint\",\"urlTemplate\":\"https:\\\/\\\/ajimport.com.br\\\/?s={search_term_string}\"},\"query-input\":{\"@type\":\"PropertyValueSpecification\",\"valueRequired\":true,\"valueName\":\"search_term_string\"}}],\"inLanguage\":\"en-US\"},{\"@type\":\"Organization\",\"@id\":\"https:\\\/\\\/ajimport.com.br\\\/#organization\",\"name\":\"Grupo AJ Import\",\"url\":\"https:\\\/\\\/ajimport.com.br\\\/\",\"logo\":{\"@type\":\"ImageObject\",\"inLanguage\":\"en-US\",\"@id\":\"https:\\\/\\\/ajimport.com.br\\\/#\\\/schema\\\/logo\\\/image\\\/\",\"url\":\"https:\\\/\\\/ajimport.com.br\\\/wp-content\\\/uploads\\\/2022\\\/10\\\/Grupo-53-1.png\",\"contentUrl\":\"https:\\\/\\\/ajimport.com.br\\\/wp-content\\\/uploads\\\/2022\\\/10\\\/Grupo-53-1.png\",\"width\":80,\"height\":64,\"caption\":\"Grupo AJ Import\"},\"image\":{\"@id\":\"https:\\\/\\\/ajimport.com.br\\\/#\\\/schema\\\/logo\\\/image\\\/\"},\"sameAs\":[\"https:\\\/\\\/www.facebook.com\\\/grupoajimport\\\/?locale=pt_BR\",\"https:\\\/\\\/www.instagram.com\\\/grupoajimport\\\/\",\"https:\\\/\\\/br.linkedin.com\\\/company\\\/grupoajimport\"]},{\"@type\":\"Person\",\"@id\":\"https:\\\/\\\/ajimport.com.br\\\/#\\\/schema\\\/person\\\/29b0a525e53cf3363135fccc35c14d4e\",\"name\":\"Fernando\",\"image\":{\"@type\":\"ImageObject\",\"inLanguage\":\"en-US\",\"@id\":\"https:\\\/\\\/secure.gravatar.com\\\/avatar\\\/cb690af47e9c58fe2c2e811c2e38f6b28173fc1fd3f5453a4cd4388c6f31feb9?s=96&d=mm&r=g\",\"url\":\"https:\\\/\\\/secure.gravatar.com\\\/avatar\\\/cb690af47e9c58fe2c2e811c2e38f6b28173fc1fd3f5453a4cd4388c6f31feb9?s=96&d=mm&r=g\",\"contentUrl\":\"https:\\\/\\\/secure.gravatar.com\\\/avatar\\\/cb690af47e9c58fe2c2e811c2e38f6b28173fc1fd3f5453a4cd4388c6f31feb9?s=96&d=mm&r=g\",\"caption\":\"Fernando\"},\"url\":\"#\"}]}<\/script>\n<!-- \/ Yoast SEO Premium plugin. -->","yoast_head_json":{"title":"5 Dicas para Escolher M\u00f3veis de \u00e1rea externa - AJ Import","robots":{"index":"index","follow":"follow","max-snippet":"max-snippet:-1","max-image-preview":"max-image-preview:large","max-video-preview":"max-video-preview:-1"},"canonical":"https:\/\/ajimport.com.br\/en\/5-dicas-para-escolher-moveis-de-exterior-que-combinam-conforto-e-estilo\/","og_locale":"en_US","og_type":"article","og_title":"5 Dicas para Escolher M\u00f3veis de \u00e1rea externa","og_description":"Discover expert tips for choosing outdoor furniture that combines comfort and style with our blog '5 Dicas para Escolher M\u00f3veis de Exterior que Combinam Conforto","og_url":"https:\/\/ajimport.com.br\/en\/5-dicas-para-escolher-moveis-de-exterior-que-combinam-conforto-e-estilo\/","og_site_name":"AJ Import","article_publisher":"https:\/\/www.facebook.com\/grupoajimport\/?locale=pt_BR","article_published_time":"2024-06-27T20:18:05+00:00","article_modified_time":"2024-07-04T11:50:32+00:00","og_image":[{"width":1280,"height":727,"url":"https:\/\/ajimport.com.br\/wp-content\/uploads\/2024\/06\/image-4.webp","type":"image\/webp"}],"author":"Fernando","twitter_card":"summary_large_image","twitter_misc":{"Written by":"Fernando","Est. reading time":"5 minutes"},"schema":{"@context":"https:\/\/schema.org","@graph":[{"@type":"Article","@id":"https:\/\/ajimport.com.br\/5-dicas-para-escolher-moveis-de-exterior-que-combinam-conforto-e-estilo\/#article","isPartOf":{"@id":"https:\/\/ajimport.com.br\/5-dicas-para-escolher-moveis-de-exterior-que-combinam-conforto-e-estilo\/"},"author":{"name":"Fernando","@id":"https:\/\/ajimport.com.br\/#\/schema\/person\/29b0a525e53cf3363135fccc35c14d4e"},"headline":"5 Dicas para Escolher M\u00f3veis de \u00e1rea externa","datePublished":"2024-06-27T20:18:05+00:00","dateModified":"2024-07-04T11:50:32+00:00","mainEntityOfPage":{"@id":"https:\/\/ajimport.com.br\/5-dicas-para-escolher-moveis-de-exterior-que-combinam-conforto-e-estilo\/"},"wordCount":818,"commentCount":0,"publisher":{"@id":"https:\/\/ajimport.com.br\/#organization"},"image":{"@id":"https:\/\/ajimport.com.br\/5-dicas-para-escolher-moveis-de-exterior-que-combinam-conforto-e-estilo\/#primaryimage"},"thumbnailUrl":"https:\/\/ajimport.com.br\/wp-content\/uploads\/2024\/06\/image-4.webp","articleSection":["Blog"],"inLanguage":"en-US","potentialAction":[{"@type":"CommentAction","name":"Comment","target":["https:\/\/ajimport.com.br\/5-dicas-para-escolher-moveis-de-exterior-que-combinam-conforto-e-estilo\/#respond"]}]},{"@type":"WebPage","@id":"https:\/\/ajimport.com.br\/5-dicas-para-escolher-moveis-de-exterior-que-combinam-conforto-e-estilo\/","url":"https:\/\/ajimport.com.br\/5-dicas-para-escolher-moveis-de-exterior-que-combinam-conforto-e-estilo\/","name":"5 Dicas para Escolher M\u00f3veis de \u00e1rea externa - AJ Import","isPartOf":{"@id":"https:\/\/ajimport.com.br\/#website"},"primaryImageOfPage":{"@id":"https:\/\/ajimport.com.br\/5-dicas-para-escolher-moveis-de-exterior-que-combinam-conforto-e-estilo\/#primaryimage"},"image":{"@id":"https:\/\/ajimport.com.br\/5-dicas-para-escolher-moveis-de-exterior-que-combinam-conforto-e-estilo\/#primaryimage"},"thumbnailUrl":"https:\/\/ajimport.com.br\/wp-content\/uploads\/2024\/06\/image-4.webp","datePublished":"2024-06-27T20:18:05+00:00","dateModified":"2024-07-04T11:50:32+00:00","breadcrumb":{"@id":"https:\/\/ajimport.com.br\/5-dicas-para-escolher-moveis-de-exterior-que-combinam-conforto-e-estilo\/#breadcrumb"},"inLanguage":"en-US","potentialAction":[{"@type":"ReadAction","target":["https:\/\/ajimport.com.br\/5-dicas-para-escolher-moveis-de-exterior-que-combinam-conforto-e-estilo\/"]}]},{"@type":"ImageObject","inLanguage":"en-US","@id":"https:\/\/ajimport.com.br\/5-dicas-para-escolher-moveis-de-exterior-que-combinam-conforto-e-estilo\/#primaryimage","url":"https:\/\/ajimport.com.br\/wp-content\/uploads\/2024\/06\/image-4.webp","contentUrl":"https:\/\/ajimport.com.br\/wp-content\/uploads\/2024\/06\/image-4.webp","width":1280,"height":727},{"@type":"BreadcrumbList","@id":"https:\/\/ajimport.com.br\/5-dicas-para-escolher-moveis-de-exterior-que-combinam-conforto-e-estilo\/#breadcrumb","itemListElement":[{"@type":"ListItem","position":1,"name":"Home","item":"https:\/\/ajimport.com.br\/"},{"@type":"ListItem","position":2,"name":"5 Dicas para Escolher M\u00f3veis de \u00e1rea externa"}]},{"@type":"WebSite","@id":"https:\/\/ajimport.com.br\/#website","url":"https:\/\/ajimport.com.br\/","name":"AJ Import","description":"A maior especialista em cadeiras  importadas do pa\u00eds.","publisher":{"@id":"https:\/\/ajimport.com.br\/#organization"},"potentialAction":[{"@type":"SearchAction","target":{"@type":"EntryPoint","urlTemplate":"https:\/\/ajimport.com.br\/?s={search_term_string}"},"query-input":{"@type":"PropertyValueSpecification","valueRequired":true,"valueName":"search_term_string"}}],"inLanguage":"en-US"},{"@type":"Organization","@id":"https:\/\/ajimport.com.br\/#organization","name":"Grupo AJ Import","url":"https:\/\/ajimport.com.br\/","logo":{"@type":"ImageObject","inLanguage":"en-US","@id":"https:\/\/ajimport.com.br\/#\/schema\/logo\/image\/","url":"https:\/\/ajimport.com.br\/wp-content\/uploads\/2022\/10\/Grupo-53-1.png","contentUrl":"https:\/\/ajimport.com.br\/wp-content\/uploads\/2022\/10\/Grupo-53-1.png","width":80,"height":64,"caption":"Grupo AJ Import"},"image":{"@id":"https:\/\/ajimport.com.br\/#\/schema\/logo\/image\/"},"sameAs":["https:\/\/www.facebook.com\/grupoajimport\/?locale=pt_BR","https:\/\/www.instagram.com\/grupoajimport\/","https:\/\/br.linkedin.com\/company\/grupoajimport"]},{"@type":"Person","@id":"https:\/\/ajimport.com.br\/#\/schema\/person\/29b0a525e53cf3363135fccc35c14d4e","name":"Fernando","image":{"@type":"ImageObject","inLanguage":"en-US","@id":"https:\/\/secure.gravatar.com\/avatar\/cb690af47e9c58fe2c2e811c2e38f6b28173fc1fd3f5453a4cd4388c6f31feb9?s=96&d=mm&r=g","url":"https:\/\/secure.gravatar.com\/avatar\/cb690af47e9c58fe2c2e811c2e38f6b28173fc1fd3f5453a4cd4388c6f31feb9?s=96&d=mm&r=g","contentUrl":"https:\/\/secure.gravatar.com\/avatar\/cb690af47e9c58fe2c2e811c2e38f6b28173fc1fd3f5453a4cd4388c6f31feb9?s=96&d=mm&r=g","caption":"Fernando"},"url":"#"}]}},"_links":{"self":[{"href":"https:\/\/ajimport.com.br\/en\/wp-json\/wp\/v2\/posts\/6696","targetHints":{"allow":["GET"]}}],"collection":[{"href":"https:\/\/ajimport.com.br\/en\/wp-json\/wp\/v2\/posts"}],"about":[{"href":"https:\/\/ajimport.com.br\/en\/wp-json\/wp\/v2\/types\/post"}],"author":[{"embeddable":true,"href":"https:\/\/ajimport.com.br\/en\/wp-json\/wp\/v2\/users\/4"}],"replies":[{"embeddable":true,"href":"https:\/\/ajimport.com.br\/en\/wp-json\/wp\/v2\/comments?post=6696"}],"version-history":[{"count":4,"href":"https:\/\/ajimport.com.br\/en\/wp-json\/wp\/v2\/posts\/6696\/revisions"}],"predecessor-version":[{"id":6706,"href":"https:\/\/ajimport.com.br\/en\/wp-json\/wp\/v2\/posts\/6696\/revisions\/6706"}],"wp:featuredmedia":[{"embeddable":true,"href":"https:\/\/ajimport.com.br\/en\/wp-json\/wp\/v2\/media\/6695"}],"wp:attachment":[{"href":"https:\/\/ajimport.com.br\/en\/wp-json\/wp\/v2\/media?parent=6696"}],"wp:term":[{"taxonomy":"category","embeddable":true,"href":"https:\/\/ajimport.com.br\/en\/wp-json\/wp\/v2\/categories?post=6696"},{"taxonomy":"post_tag","embeddable":true,"href":"https:\/\/ajimport.com.br\/en\/wp-json\/wp\/v2\/tags?post=6696"}],"curies":[{"name":"wp","href":"https:\/\/api.w.org\/{rel}","templated":true}]}}