{"id":19445,"date":"2025-01-15T17:17:56","date_gmt":"2025-01-15T20:17:56","guid":{"rendered":"https:\/\/ajimport.com.br\/dicas-moveis-area-externa\/"},"modified":"2025-01-15T17:17:56","modified_gmt":"2025-01-15T20:17:56","slug":"dicas-moveis-area-externa","status":"publish","type":"post","link":"https:\/\/ajimport.com.br\/en\/dicas-moveis-area-externa\/","title":{"rendered":"Guia pr\u00e1tico: 6 dicas para cuidar dos seus m\u00f3veis de \u00e1rea externa"},"content":{"rendered":"<p>Os <strong>m\u00f3veis de \u00e1rea externa<\/strong> s\u00e3o perfeitos para transformar varandas, jardins ou quintais em espa\u00e7os acolhedores e funcionais. Eles s\u00e3o projetados para resistir \u00e0s intemp\u00e9ries, mas, mesmo assim, est\u00e3o sujeitos a ter sua durabilidade comprometida caso voc\u00ea n\u00e3o cuide corretamente. A exposi\u00e7\u00e3o ao sol, chuva e poeira pode reduzir sua vida \u00fatil e est\u00e9tica ao longo do tempo.<br \/>\nPara ajudar voc\u00ea a mant\u00ea-los em excelente estado e prolongar sua durabilidade, preparamos este guia pr\u00e1tico com 6 dicas essenciais. Confira abaixo:<\/p>\n<p><img decoding=\"async\" src=\"https:\/\/assets.usestyle.ai\/i\/169b04e6-a8a3-4c7a-8c10-ca7404b80bb5\" alt=\"\" \/><\/p>\n<h3 id=\"1-escolha-materiais-resistentes-\u00e0s-intemp\u00e9ries\"><strong>1. Escolha Materiais Resistentes \u00e0s Intemp\u00e9ries<\/strong><\/h3>\n<p>A escolha do material certo \u00e9 o primeiro passo para garantir a durabilidade dos seus <strong>m\u00f3veis de \u00e1rea externa<\/strong>. Opte por materiais como madeira, metal e fibras sint\u00e9ticas, que oferecem resist\u00eancia \u00e0 exposi\u00e7\u00e3o solar e \u00e0 umidade. M\u00f3veis de metal s\u00e3o robustos e, com a evolu\u00e7\u00e3o das tecnologias de prote\u00e7\u00e3o contra ferrugem, tornam-se uma escolha ideal para climas adversos. J\u00e1 as fibras sint\u00e9ticas, com apar\u00eancia de vime, s\u00e3o leves e pr\u00e1ticas, sendo \u00f3timas para m\u00f3veis que precisam ser movidos frequentemente.<\/p>\n<h3 id=\"2-tenha-uma-rotina-de-limpeza-regular\"><strong>2. Tenha uma Rotina de Limpeza Regular<\/strong><\/h3>\n<p>A limpeza regular \u00e9 essencial para a manuten\u00e7\u00e3o de <strong>m\u00f3veis de \u00e1rea externa<\/strong>. A sujeira, poeira e at\u00e9 res\u00edduos de folhas podem se acumular, afetando a apar\u00eancia e a durabilidade dos materiais. A limpeza deve ser feita pelo menos uma vez por semana para garantir que os m\u00f3veis fiquem sempre em \u00f3timo estado e livres de sujeira ou manchas.<\/p>\n<p><strong>Como fazer a limpeza correta:<\/strong><\/p>\n<ul>\n<li>Use um pano macio ou uma esponja com \u00e1gua morna e sab\u00e3o neutro.<\/li>\n<li>Enx\u00e1gue bem para n\u00e3o deixar res\u00edduos.<\/li>\n<li>Para \u00e1reas mais sujas, como as de m\u00f3veis de madeira pl\u00e1stica ou fibra sint\u00e9tica, utilize uma escova de cerdas macias.<br \/>\nEsses cuidados simples ir\u00e3o evitar o ac\u00famulo de sujeira e ajudar\u00e3o a manter a est\u00e9tica dos seus <strong>m\u00f3veis de \u00e1rea externa<\/strong> intacta.<\/li>\n<\/ul>\n<h3 id=\"3-aplique-protetores-de-mobili\u00e1rio\"><strong>3. Aplique Protetores de Mobili\u00e1rio<\/strong><\/h3>\n<p>O uso de protetores de <strong>m\u00f3veis de \u00e1rea externa<\/strong> ajuda a proteger contra raios UV, umidade e intemp\u00e9ries, prevenindo rachaduras, descolora\u00e7\u00f5es e desgaste. Aplique antes das esta\u00e7\u00f5es de maior exposi\u00e7\u00e3o, como primavera e ver\u00e3o, para preservar a apar\u00eancia dos seus m\u00f3veis externos. <em>Consulte um profissional<\/em> para escolher o protetor adequado para cada material, garantindo maior <strong>durabilidade e<\/strong> <strong>preserva\u00e7\u00e3o<\/strong> da est\u00e9tica dos seus m\u00f3veis.<\/p>\n<h3 id=\"4-a-import\u00e2ncia-dos-ombrelones-na-prote\u00e7\u00e3o-de-seus-m\u00f3veis\"><strong>4. A Import\u00e2ncia dos Ombrelones na Prote\u00e7\u00e3o de Seus M\u00f3veis<\/strong><\/h3>\n<p>Proteger seus <strong>m\u00f3veis de \u00e1rea externa<\/strong> da exposi\u00e7\u00e3o direta ao sol \u00e9 uma medida fundamental para aumentar sua durabilidade e manter sua apar\u00eancia impec\u00e1vel. Investir em <strong><a href=\"https:\/\/ajimport.com.br\/en\/product\/ombrelone\/\" target=\"_blank\">ombrelone<\/a><\/strong> de qualidade \u00e9 uma excelente solu\u00e7\u00e3o para criar sombra e proteger os <strong>m\u00f3veis externos<\/strong> contra os danos causados pelos raios UV. Al\u00e9m de preservar os m\u00f3veis, os ombrelones tamb\u00e9m tornam o ambiente mais agrad\u00e1vel e fresco.<\/p>\n<h3 id=\"5-armazenamento-adequado-durante-o-inverno\"><strong>5. Armazenamento Adequado Durante o Inverno<\/strong><\/h3>\n<p>Com a chegada do inverno, \u00e9 fundamental armazenar seus <strong>m\u00f3veis de \u00e1rea externa<\/strong> em um local coberto e protegido. Isso evita danos causados por chuvas intensas, frio extremo e umidade excessiva, preservando a qualidade e a durabilidade dos seus m\u00f3veis at\u00e9 a chegada da primavera. Sempre que poss\u00edvel, utilize <strong><a href=\"https:\/\/polideia.com.br\/blogs\/dicas\/capas-para-moveis-externos-conheca-os-melhores-materiais?srsltid=AfmBOopyiKD8pKB67eJXESwH9cFuZgwBfdIk6tEAnyPukZAuZ4splGZ4\" target=\"_blank\">capas de prote\u00e7\u00e3o<\/a><\/strong> imperme\u00e1veis feitas de materiais resistentes para garantir que seus <strong>m\u00f3veis de \u00e1rea externa<\/strong> fiquem protegidos contra as condi\u00e7\u00f5es clim\u00e1ticas adversas. Al\u00e9m de proteger os m\u00f3veis de intemp\u00e9ries, essas capas ajudam a manter a limpeza e a apar\u00eancia dos m\u00f3veis, facilitando a sua manuten\u00e7\u00e3o e conserva\u00e7\u00e3o ao longo do tempo.<\/p>\n<h3 id=\"6-realize-manuten\u00e7\u00f5es-regulares\"><strong>6. Realize Manuten\u00e7\u00f5es Regulares<\/strong><\/h3>\n<p>Manuten\u00e7\u00f5es preventivas s\u00e3o essenciais para evitar problemas maiores no futuro. Verifique seus <strong>m\u00f3veis de \u00e1rea externa<\/strong> a cada 3 meses para identificar pregos soltos, parafusos enferrujados ou partes que podem come\u00e7ar a se soltar. Corrigir defeitos menores imediatamente impede o agravamento e ajuda a prolongar a vida \u00fatil dos seus m\u00f3veis. A manuten\u00e7\u00e3o tamb\u00e9m inclui a verifica\u00e7\u00e3o de danos em m\u00f3veis de metal (como tubo galvanizado) e pe\u00e7as de madeira que podem ser vulner\u00e1veis a riscos ou rachaduras.<\/p>\n<h3 id=\"cuide-bem-dos-seus-m\u00f3veis-de-\u00e1rea-externa-e-aumente-sua-vida-\u00fatil\"><strong>Cuide Bem dos Seus M\u00f3veis de \u00c1rea Externa e Aumente sua Vida \u00datil<\/strong><\/h3>\n<p>Cuidar dos seus <strong>m\u00f3veis de \u00e1rea externa<\/strong> \u00e9 fundamental para garantir que permane\u00e7am bonitos e funcionais por muito mais tempo. Ao seguir as dicas apresentadas \u2014 como escolher materiais resistentes, adotar uma rotina de limpeza regular, aplicar protetores, investir em ombrelones, armazenar corretamente durante o inverno e realizar manuten\u00e7\u00f5es preventivas \u2014 voc\u00ea estar\u00e1 preservando a qualidade e a est\u00e9tica dos seus m\u00f3veis.<\/p>","protected":false},"excerpt":{"rendered":"<p>Descubra 6 dicas para cuidar do seu mobili\u00e1rio externo e mant\u00ea-lo como novo!<\/p>","protected":false},"author":4,"featured_media":19444,"comment_status":"open","ping_status":"open","sticky":false,"template":"","format":"standard","meta":{"footnotes":""},"categories":[1],"tags":[],"class_list":["post-19445","post","type-post","status-publish","format-standard","has-post-thumbnail","hentry","category-blog"],"yoast_head":"<!-- This site is optimized with the Yoast SEO Premium plugin v24.7 (Yoast SEO v27.5) - https:\/\/yoast.com\/product\/yoast-seo-premium-wordpress\/ -->\n<title>Guia pr\u00e1tico: 6 dicas para cuidar dos seus m\u00f3veis de \u00e1rea externa - AJ Import<\/title>\n<meta name=\"robots\" content=\"index, follow, max-snippet:-1, max-image-preview:large, max-video-preview:-1\" \/>\n<link rel=\"canonical\" href=\"https:\/\/ajimport.com.br\/en\/dicas-moveis-area-externa\/\" \/>\n<meta property=\"og:locale\" content=\"en_US\" \/>\n<meta property=\"og:type\" content=\"article\" \/>\n<meta property=\"og:title\" content=\"Guia pr\u00e1tico: 6 dicas para cuidar dos seus m\u00f3veis de \u00e1rea externa\" \/>\n<meta property=\"og:description\" content=\"Descubra 6 dicas para cuidar do seu mobili\u00e1rio externo e mant\u00ea-lo como novo!\" \/>\n<meta property=\"og:url\" content=\"https:\/\/ajimport.com.br\/en\/dicas-moveis-area-externa\/\" \/>\n<meta property=\"og:site_name\" content=\"AJ Import\" \/>\n<meta property=\"article:publisher\" content=\"https:\/\/www.facebook.com\/grupoajimport\/?locale=pt_BR\" \/>\n<meta property=\"article:published_time\" content=\"2025-01-15T20:17:56+00:00\" \/>\n<meta property=\"og:image\" content=\"https:\/\/ajimport.com.br\/wp-content\/uploads\/2025\/01\/image-1.webp\" \/>\n\t<meta property=\"og:image:width\" content=\"1280\" \/>\n\t<meta property=\"og:image:height\" content=\"857\" \/>\n\t<meta property=\"og:image:type\" content=\"image\/webp\" \/>\n<meta name=\"author\" content=\"Fernando\" \/>\n<meta name=\"twitter:card\" content=\"summary_large_image\" \/>\n<meta name=\"twitter:label1\" content=\"Written by\" \/>\n\t<meta name=\"twitter:data1\" content=\"Fernando\" \/>\n\t<meta name=\"twitter:label2\" content=\"Est. reading time\" \/>\n\t<meta name=\"twitter:data2\" content=\"4 minutes\" \/>\n<script type=\"application\/ld+json\" class=\"yoast-schema-graph\">{\"@context\":\"https:\\\/\\\/schema.org\",\"@graph\":[{\"@type\":\"Article\",\"@id\":\"https:\\\/\\\/ajimport.com.br\\\/dicas-moveis-area-externa\\\/#article\",\"isPartOf\":{\"@id\":\"https:\\\/\\\/ajimport.com.br\\\/dicas-moveis-area-externa\\\/\"},\"author\":{\"name\":\"Fernando\",\"@id\":\"https:\\\/\\\/ajimport.com.br\\\/#\\\/schema\\\/person\\\/29b0a525e53cf3363135fccc35c14d4e\"},\"headline\":\"Guia pr\u00e1tico: 6 dicas para cuidar dos seus m\u00f3veis de \u00e1rea externa\",\"datePublished\":\"2025-01-15T20:17:56+00:00\",\"mainEntityOfPage\":{\"@id\":\"https:\\\/\\\/ajimport.com.br\\\/dicas-moveis-area-externa\\\/\"},\"wordCount\":798,\"commentCount\":0,\"publisher\":{\"@id\":\"https:\\\/\\\/ajimport.com.br\\\/#organization\"},\"image\":{\"@id\":\"https:\\\/\\\/ajimport.com.br\\\/dicas-moveis-area-externa\\\/#primaryimage\"},\"thumbnailUrl\":\"https:\\\/\\\/ajimport.com.br\\\/wp-content\\\/uploads\\\/2025\\\/01\\\/image-1.webp\",\"articleSection\":[\"Blog\"],\"inLanguage\":\"en-US\",\"potentialAction\":[{\"@type\":\"CommentAction\",\"name\":\"Comment\",\"target\":[\"https:\\\/\\\/ajimport.com.br\\\/dicas-moveis-area-externa\\\/#respond\"]}]},{\"@type\":\"WebPage\",\"@id\":\"https:\\\/\\\/ajimport.com.br\\\/dicas-moveis-area-externa\\\/\",\"url\":\"https:\\\/\\\/ajimport.com.br\\\/dicas-moveis-area-externa\\\/\",\"name\":\"Guia pr\u00e1tico: 6 dicas para cuidar dos seus m\u00f3veis de \u00e1rea externa - AJ Import\",\"isPartOf\":{\"@id\":\"https:\\\/\\\/ajimport.com.br\\\/#website\"},\"primaryImageOfPage\":{\"@id\":\"https:\\\/\\\/ajimport.com.br\\\/dicas-moveis-area-externa\\\/#primaryimage\"},\"image\":{\"@id\":\"https:\\\/\\\/ajimport.com.br\\\/dicas-moveis-area-externa\\\/#primaryimage\"},\"thumbnailUrl\":\"https:\\\/\\\/ajimport.com.br\\\/wp-content\\\/uploads\\\/2025\\\/01\\\/image-1.webp\",\"datePublished\":\"2025-01-15T20:17:56+00:00\",\"breadcrumb\":{\"@id\":\"https:\\\/\\\/ajimport.com.br\\\/dicas-moveis-area-externa\\\/#breadcrumb\"},\"inLanguage\":\"en-US\",\"potentialAction\":[{\"@type\":\"ReadAction\",\"target\":[\"https:\\\/\\\/ajimport.com.br\\\/dicas-moveis-area-externa\\\/\"]}]},{\"@type\":\"ImageObject\",\"inLanguage\":\"en-US\",\"@id\":\"https:\\\/\\\/ajimport.com.br\\\/dicas-moveis-area-externa\\\/#primaryimage\",\"url\":\"https:\\\/\\\/ajimport.com.br\\\/wp-content\\\/uploads\\\/2025\\\/01\\\/image-1.webp\",\"contentUrl\":\"https:\\\/\\\/ajimport.com.br\\\/wp-content\\\/uploads\\\/2025\\\/01\\\/image-1.webp\",\"width\":1280,\"height\":857},{\"@type\":\"BreadcrumbList\",\"@id\":\"https:\\\/\\\/ajimport.com.br\\\/dicas-moveis-area-externa\\\/#breadcrumb\",\"itemListElement\":[{\"@type\":\"ListItem\",\"position\":1,\"name\":\"Home\",\"item\":\"https:\\\/\\\/ajimport.com.br\\\/\"},{\"@type\":\"ListItem\",\"position\":2,\"name\":\"Guia pr\u00e1tico: 6 dicas para cuidar dos seus m\u00f3veis de \u00e1rea externa\"}]},{\"@type\":\"WebSite\",\"@id\":\"https:\\\/\\\/ajimport.com.br\\\/#website\",\"url\":\"https:\\\/\\\/ajimport.com.br\\\/\",\"name\":\"AJ Import\",\"description\":\"A maior especialista em cadeiras  importadas do pa\u00eds.\",\"publisher\":{\"@id\":\"https:\\\/\\\/ajimport.com.br\\\/#organization\"},\"potentialAction\":[{\"@type\":\"SearchAction\",\"target\":{\"@type\":\"EntryPoint\",\"urlTemplate\":\"https:\\\/\\\/ajimport.com.br\\\/?s={search_term_string}\"},\"query-input\":{\"@type\":\"PropertyValueSpecification\",\"valueRequired\":true,\"valueName\":\"search_term_string\"}}],\"inLanguage\":\"en-US\"},{\"@type\":\"Organization\",\"@id\":\"https:\\\/\\\/ajimport.com.br\\\/#organization\",\"name\":\"Grupo AJ Import\",\"url\":\"https:\\\/\\\/ajimport.com.br\\\/\",\"logo\":{\"@type\":\"ImageObject\",\"inLanguage\":\"en-US\",\"@id\":\"https:\\\/\\\/ajimport.com.br\\\/#\\\/schema\\\/logo\\\/image\\\/\",\"url\":\"https:\\\/\\\/ajimport.com.br\\\/wp-content\\\/uploads\\\/2022\\\/10\\\/Grupo-53-1.png\",\"contentUrl\":\"https:\\\/\\\/ajimport.com.br\\\/wp-content\\\/uploads\\\/2022\\\/10\\\/Grupo-53-1.png\",\"width\":80,\"height\":64,\"caption\":\"Grupo AJ Import\"},\"image\":{\"@id\":\"https:\\\/\\\/ajimport.com.br\\\/#\\\/schema\\\/logo\\\/image\\\/\"},\"sameAs\":[\"https:\\\/\\\/www.facebook.com\\\/grupoajimport\\\/?locale=pt_BR\",\"https:\\\/\\\/www.instagram.com\\\/grupoajimport\\\/\",\"https:\\\/\\\/br.linkedin.com\\\/company\\\/grupoajimport\"]},{\"@type\":\"Person\",\"@id\":\"https:\\\/\\\/ajimport.com.br\\\/#\\\/schema\\\/person\\\/29b0a525e53cf3363135fccc35c14d4e\",\"name\":\"Fernando\",\"image\":{\"@type\":\"ImageObject\",\"inLanguage\":\"en-US\",\"@id\":\"https:\\\/\\\/secure.gravatar.com\\\/avatar\\\/cb690af47e9c58fe2c2e811c2e38f6b28173fc1fd3f5453a4cd4388c6f31feb9?s=96&d=mm&r=g\",\"url\":\"https:\\\/\\\/secure.gravatar.com\\\/avatar\\\/cb690af47e9c58fe2c2e811c2e38f6b28173fc1fd3f5453a4cd4388c6f31feb9?s=96&d=mm&r=g\",\"contentUrl\":\"https:\\\/\\\/secure.gravatar.com\\\/avatar\\\/cb690af47e9c58fe2c2e811c2e38f6b28173fc1fd3f5453a4cd4388c6f31feb9?s=96&d=mm&r=g\",\"caption\":\"Fernando\"},\"url\":\"#\"}]}<\/script>\n<!-- \/ Yoast SEO Premium plugin. -->","yoast_head_json":{"title":"Guia pr\u00e1tico: 6 dicas para cuidar dos seus m\u00f3veis de \u00e1rea externa - AJ Import","robots":{"index":"index","follow":"follow","max-snippet":"max-snippet:-1","max-image-preview":"max-image-preview:large","max-video-preview":"max-video-preview:-1"},"canonical":"https:\/\/ajimport.com.br\/en\/dicas-moveis-area-externa\/","og_locale":"en_US","og_type":"article","og_title":"Guia pr\u00e1tico: 6 dicas para cuidar dos seus m\u00f3veis de \u00e1rea externa","og_description":"Descubra 6 dicas para cuidar do seu mobili\u00e1rio externo e mant\u00ea-lo como novo!","og_url":"https:\/\/ajimport.com.br\/en\/dicas-moveis-area-externa\/","og_site_name":"AJ Import","article_publisher":"https:\/\/www.facebook.com\/grupoajimport\/?locale=pt_BR","article_published_time":"2025-01-15T20:17:56+00:00","og_image":[{"width":1280,"height":857,"url":"https:\/\/ajimport.com.br\/wp-content\/uploads\/2025\/01\/image-1.webp","type":"image\/webp"}],"author":"Fernando","twitter_card":"summary_large_image","twitter_misc":{"Written by":"Fernando","Est. reading time":"4 minutes"},"schema":{"@context":"https:\/\/schema.org","@graph":[{"@type":"Article","@id":"https:\/\/ajimport.com.br\/dicas-moveis-area-externa\/#article","isPartOf":{"@id":"https:\/\/ajimport.com.br\/dicas-moveis-area-externa\/"},"author":{"name":"Fernando","@id":"https:\/\/ajimport.com.br\/#\/schema\/person\/29b0a525e53cf3363135fccc35c14d4e"},"headline":"Guia pr\u00e1tico: 6 dicas para cuidar dos seus m\u00f3veis de \u00e1rea externa","datePublished":"2025-01-15T20:17:56+00:00","mainEntityOfPage":{"@id":"https:\/\/ajimport.com.br\/dicas-moveis-area-externa\/"},"wordCount":798,"commentCount":0,"publisher":{"@id":"https:\/\/ajimport.com.br\/#organization"},"image":{"@id":"https:\/\/ajimport.com.br\/dicas-moveis-area-externa\/#primaryimage"},"thumbnailUrl":"https:\/\/ajimport.com.br\/wp-content\/uploads\/2025\/01\/image-1.webp","articleSection":["Blog"],"inLanguage":"en-US","potentialAction":[{"@type":"CommentAction","name":"Comment","target":["https:\/\/ajimport.com.br\/dicas-moveis-area-externa\/#respond"]}]},{"@type":"WebPage","@id":"https:\/\/ajimport.com.br\/dicas-moveis-area-externa\/","url":"https:\/\/ajimport.com.br\/dicas-moveis-area-externa\/","name":"Guia pr\u00e1tico: 6 dicas para cuidar dos seus m\u00f3veis de \u00e1rea externa - AJ Import","isPartOf":{"@id":"https:\/\/ajimport.com.br\/#website"},"primaryImageOfPage":{"@id":"https:\/\/ajimport.com.br\/dicas-moveis-area-externa\/#primaryimage"},"image":{"@id":"https:\/\/ajimport.com.br\/dicas-moveis-area-externa\/#primaryimage"},"thumbnailUrl":"https:\/\/ajimport.com.br\/wp-content\/uploads\/2025\/01\/image-1.webp","datePublished":"2025-01-15T20:17:56+00:00","breadcrumb":{"@id":"https:\/\/ajimport.com.br\/dicas-moveis-area-externa\/#breadcrumb"},"inLanguage":"en-US","potentialAction":[{"@type":"ReadAction","target":["https:\/\/ajimport.com.br\/dicas-moveis-area-externa\/"]}]},{"@type":"ImageObject","inLanguage":"en-US","@id":"https:\/\/ajimport.com.br\/dicas-moveis-area-externa\/#primaryimage","url":"https:\/\/ajimport.com.br\/wp-content\/uploads\/2025\/01\/image-1.webp","contentUrl":"https:\/\/ajimport.com.br\/wp-content\/uploads\/2025\/01\/image-1.webp","width":1280,"height":857},{"@type":"BreadcrumbList","@id":"https:\/\/ajimport.com.br\/dicas-moveis-area-externa\/#breadcrumb","itemListElement":[{"@type":"ListItem","position":1,"name":"Home","item":"https:\/\/ajimport.com.br\/"},{"@type":"ListItem","position":2,"name":"Guia pr\u00e1tico: 6 dicas para cuidar dos seus m\u00f3veis de \u00e1rea externa"}]},{"@type":"WebSite","@id":"https:\/\/ajimport.com.br\/#website","url":"https:\/\/ajimport.com.br\/","name":"AJ Import","description":"A maior especialista em cadeiras  importadas do pa\u00eds.","publisher":{"@id":"https:\/\/ajimport.com.br\/#organization"},"potentialAction":[{"@type":"SearchAction","target":{"@type":"EntryPoint","urlTemplate":"https:\/\/ajimport.com.br\/?s={search_term_string}"},"query-input":{"@type":"PropertyValueSpecification","valueRequired":true,"valueName":"search_term_string"}}],"inLanguage":"en-US"},{"@type":"Organization","@id":"https:\/\/ajimport.com.br\/#organization","name":"Grupo AJ Import","url":"https:\/\/ajimport.com.br\/","logo":{"@type":"ImageObject","inLanguage":"en-US","@id":"https:\/\/ajimport.com.br\/#\/schema\/logo\/image\/","url":"https:\/\/ajimport.com.br\/wp-content\/uploads\/2022\/10\/Grupo-53-1.png","contentUrl":"https:\/\/ajimport.com.br\/wp-content\/uploads\/2022\/10\/Grupo-53-1.png","width":80,"height":64,"caption":"Grupo AJ Import"},"image":{"@id":"https:\/\/ajimport.com.br\/#\/schema\/logo\/image\/"},"sameAs":["https:\/\/www.facebook.com\/grupoajimport\/?locale=pt_BR","https:\/\/www.instagram.com\/grupoajimport\/","https:\/\/br.linkedin.com\/company\/grupoajimport"]},{"@type":"Person","@id":"https:\/\/ajimport.com.br\/#\/schema\/person\/29b0a525e53cf3363135fccc35c14d4e","name":"Fernando","image":{"@type":"ImageObject","inLanguage":"en-US","@id":"https:\/\/secure.gravatar.com\/avatar\/cb690af47e9c58fe2c2e811c2e38f6b28173fc1fd3f5453a4cd4388c6f31feb9?s=96&d=mm&r=g","url":"https:\/\/secure.gravatar.com\/avatar\/cb690af47e9c58fe2c2e811c2e38f6b28173fc1fd3f5453a4cd4388c6f31feb9?s=96&d=mm&r=g","contentUrl":"https:\/\/secure.gravatar.com\/avatar\/cb690af47e9c58fe2c2e811c2e38f6b28173fc1fd3f5453a4cd4388c6f31feb9?s=96&d=mm&r=g","caption":"Fernando"},"url":"#"}]}},"_links":{"self":[{"href":"https:\/\/ajimport.com.br\/en\/wp-json\/wp\/v2\/posts\/19445","targetHints":{"allow":["GET"]}}],"collection":[{"href":"https:\/\/ajimport.com.br\/en\/wp-json\/wp\/v2\/posts"}],"about":[{"href":"https:\/\/ajimport.com.br\/en\/wp-json\/wp\/v2\/types\/post"}],"author":[{"embeddable":true,"href":"https:\/\/ajimport.com.br\/en\/wp-json\/wp\/v2\/users\/4"}],"replies":[{"embeddable":true,"href":"https:\/\/ajimport.com.br\/en\/wp-json\/wp\/v2\/comments?post=19445"}],"version-history":[{"count":0,"href":"https:\/\/ajimport.com.br\/en\/wp-json\/wp\/v2\/posts\/19445\/revisions"}],"wp:featuredmedia":[{"embeddable":true,"href":"https:\/\/ajimport.com.br\/en\/wp-json\/wp\/v2\/media\/19444"}],"wp:attachment":[{"href":"https:\/\/ajimport.com.br\/en\/wp-json\/wp\/v2\/media?parent=19445"}],"wp:term":[{"taxonomy":"category","embeddable":true,"href":"https:\/\/ajimport.com.br\/en\/wp-json\/wp\/v2\/categories?post=19445"},{"taxonomy":"post_tag","embeddable":true,"href":"https:\/\/ajimport.com.br\/en\/wp-json\/wp\/v2\/tags?post=19445"}],"curies":[{"name":"wp","href":"https:\/\/api.w.org\/{rel}","templated":true}]}}