{"id":19334,"date":"2025-01-08T16:03:02","date_gmt":"2025-01-08T19:03:02","guid":{"rendered":"https:\/\/ajimport.com.br\/?p=19334"},"modified":"2025-02-25T17:48:10","modified_gmt":"2025-02-25T20:48:10","slug":"tendencias-em-cadeiras-para-escritorio","status":"publish","type":"post","link":"https:\/\/ajimport.com.br\/en\/tendencias-em-cadeiras-para-escritorio\/","title":{"rendered":"Tend\u00eancias em Cadeiras para Escrit\u00f3rio"},"content":{"rendered":"<p><strong>Conforto e Estilo para o Escrit\u00f3rio Moderno<\/strong><\/p>\n\n\n\n<p>Nos \u00faltimos anos, a din\u00e2mica do trabalho tem se transformado rapidamente. Com o crescimento do trabalho remoto e h\u00edbrido, as <strong>cadeiras para escrit\u00f3rio<\/strong> ganharam ainda mais destaque, n\u00e3o apenas como itens funcionais, mas tamb\u00e9m como partes essenciais da experi\u00eancia de trabalho.<\/p>\n\n\n\n<p>Como disse Charles Eames, famoso designer de m\u00f3veis: <em>&#8220;A forma segue a fun\u00e7\u00e3o \u2014 essa \u00e9 a regra geral, mas as coisas podem ser bonitas e funcionais ao mesmo tempo.&#8221;<\/em> Vamos entender as principais <strong>tend\u00eancias em cadeiras<\/strong> para escrit\u00f3rio que est\u00e3o moldando os ambientes profissionais.<\/p>\n\n\n\n<p><strong>Ergonomia Como Prioridade&nbsp;&nbsp;<\/strong><\/p>\n\n\n\n<p>A <strong>ergonomia<\/strong> \u00e9 um fator essencial em qualquer <strong>cadeira de escrit\u00f3rio<\/strong> moderna. Modelos com o apoio lombar ajust\u00e1vel, ajuste de altura dos bra\u00e7os, suporte lombar e encostos reclin\u00e1veis como a cadeira Flex Presidente. Al\u00e9m disso, as <strong>cadeiras ergon\u00f4micas<\/strong> ajudam a prevenir problemas como dores nas costas e tens\u00e3o muscular, promovendo a sa\u00fade do trabalhador a longo prazo e evitando afastamentos por les\u00f5es decorrentes a m\u00e1 postura.<\/p>\n\n\n\n<p><strong>Cadeiras Personalizadas<\/strong><\/p>\n\n\n\n<p>As cadeiras deixaram de ser apenas funcionais e passaram a desempenhar um papel importante no <strong>design do escrit\u00f3rio<\/strong>. Cores, texturas e acabamentos variados permitem que cada ambiente tenha um estilo \u00fanico. Modelos que oferecem op\u00e7\u00f5es de personaliza\u00e7\u00e3o, como a cadeira Big ou a cadeira Stripes, com escolha de cores, est\u00e3o em alta, trazendo versatilidade e personalidade ao espa\u00e7o de trabalho.<\/p>\n\n\n\n<figure class=\"wp-block-gallery has-nested-images columns-default is-cropped wp-block-gallery-1 is-layout-flex wp-block-gallery-is-layout-flex\"><\/figure>\n\n\n\n<figure class=\"wp-block-image size-full is-resized\"><img fetchpriority=\"high\" decoding=\"async\" width=\"754\" height=\"790\" src=\"https:\/\/ajimport.com.br\/wp-content\/uploads\/2025\/01\/Foto-Ambientada-Da-Cadeira-Stripes.png\" alt=\"\" class=\"wp-image-19363\" style=\"width:593px;height:auto\" srcset=\"https:\/\/ajimport.com.br\/wp-content\/uploads\/2025\/01\/Foto-Ambientada-Da-Cadeira-Stripes.png 754w, https:\/\/ajimport.com.br\/wp-content\/uploads\/2025\/01\/Foto-Ambientada-Da-Cadeira-Stripes-286x300.png 286w, https:\/\/ajimport.com.br\/wp-content\/uploads\/2025\/01\/Foto-Ambientada-Da-Cadeira-Stripes-11x12.png 11w, https:\/\/ajimport.com.br\/wp-content\/uploads\/2025\/01\/Foto-Ambientada-Da-Cadeira-Stripes-600x629.png 600w\" sizes=\"(max-width: 754px) 100vw, 754px\" \/><\/figure>\n\n\n\n<p><\/p>\n\n\n\n<p><strong>Tecnologia em Tela Mesh<\/strong><\/p>\n\n\n\n<p>Trabalhar por longas horas sentado pode ser desconfort\u00e1vel em ambientes muito quentes ou frios. Por isso, <strong>cadeiras<\/strong> com tecidos respir\u00e1veis, como a <strong>Tela Mesh<\/strong>, como a Zebra, se destacam. Al\u00e9m de proporcionar um conforto extra, a Tela Mesh oferece uma experi\u00eancia de trabalho agrad\u00e1vel, principalmente nos dias mais quentes, gra\u00e7as \u00e0 sua leveza e frescor.<\/p>\n\n\n\n<p><\/p>\n\n\n\n<figure class=\"wp-block-image size-full is-resized\"><img decoding=\"async\" width=\"657\" height=\"876\" src=\"https:\/\/ajimport.com.br\/wp-content\/uploads\/2025\/01\/FDA6889-A-edited.jpg\" alt=\"\" class=\"wp-image-19355\" style=\"width:548px;height:auto\" srcset=\"https:\/\/ajimport.com.br\/wp-content\/uploads\/2025\/01\/FDA6889-A-edited.jpg 657w, https:\/\/ajimport.com.br\/wp-content\/uploads\/2025\/01\/FDA6889-A-edited-225x300.jpg 225w, https:\/\/ajimport.com.br\/wp-content\/uploads\/2025\/01\/FDA6889-A-edited-9x12.jpg 9w, https:\/\/ajimport.com.br\/wp-content\/uploads\/2025\/01\/FDA6889-A-edited-600x800.jpg 600w\" sizes=\"(max-width: 657px) 100vw, 657px\" \/><\/figure>\n\n\n\n<p><\/p>\n\n\n\n<p><strong>Compatibilidade e Flexibilidade nas Cadeiras Modernas<\/strong><\/p>\n\n\n\n<p>Com espa\u00e7os de trabalho cada vez menores, <strong>cadeiras compactas<\/strong>, como a home bar no estilo dobr\u00e1vel ou como a Tolix que \u00e9 facilmente empilh\u00e1vel, s\u00e3o op\u00e7\u00f5es minimalistas que otimizam o espa\u00e7o, ideias para a \u00e1rea de refei\u00e7\u00e3o.<\/p>\n\n\n\n<p><strong>Escolhendo a Cadeira Office Ideal<\/strong><\/p>\n\n\n\n<p>Na hora de escolher uma cadeira para escrit\u00f3rio, a tend\u00eancia que n\u00e3o sai de moda \u00e9 a rela\u00e7\u00e3o entre conforto, durabilidade, estilo e o ambiente em que a cadeira ser\u00e1 inserida. Como a escolha do mobili\u00e1rio reflete diretamente na produtividade e bem-estar, \u00e9 essencial ponderar as op\u00e7\u00f5es com cuidado. Na <strong>AJ Import<\/strong>, oferecemos uma ampla variedade de cadeiras office que acompanham essas tend\u00eancias, mas, acima de tudo, se adequam ao estilo de vida, ambiente e necessidades da sua empresa, garantindo qualidade, conforto e sofistica\u00e7\u00e3o.<\/p>\n\n\n\n<p><\/p>","protected":false},"excerpt":{"rendered":"<p>Tend\u00eancias em cadeiras de escrit\u00f3rio que unem ergonomia, estilo e tecnologia para mais conforto e produtividade.<\/p>","protected":false},"author":4,"featured_media":19336,"comment_status":"open","ping_status":"open","sticky":false,"template":"","format":"standard","meta":{"footnotes":""},"categories":[1],"tags":[],"class_list":["post-19334","post","type-post","status-publish","format-standard","has-post-thumbnail","hentry","category-blog"],"yoast_head":"<!-- This site is optimized with the Yoast SEO Premium plugin v24.7 (Yoast SEO v27.5) - https:\/\/yoast.com\/product\/yoast-seo-premium-wordpress\/ -->\n<title>Tend\u00eancias em Cadeiras para Escrit\u00f3rio - AJ Import<\/title>\n<meta name=\"description\" content=\"Tend\u00eancias em cadeiras de escrit\u00f3rio que unem ergonomia, estilo e tecnologia para mais conforto e produtividade.\" \/>\n<meta name=\"robots\" content=\"index, follow, max-snippet:-1, max-image-preview:large, max-video-preview:-1\" \/>\n<link rel=\"canonical\" href=\"https:\/\/ajimport.com.br\/en\/tendencias-em-cadeiras-para-escritorio\/\" \/>\n<meta property=\"og:locale\" content=\"en_US\" \/>\n<meta property=\"og:type\" content=\"article\" \/>\n<meta property=\"og:title\" content=\"Tend\u00eancias em Cadeiras para Escrit\u00f3rio\" \/>\n<meta property=\"og:description\" content=\"Tend\u00eancias em cadeiras de escrit\u00f3rio que unem ergonomia, estilo e tecnologia para mais conforto e produtividade.\" \/>\n<meta property=\"og:url\" content=\"https:\/\/ajimport.com.br\/en\/tendencias-em-cadeiras-para-escritorio\/\" \/>\n<meta property=\"og:site_name\" content=\"AJ Import\" \/>\n<meta property=\"article:publisher\" content=\"https:\/\/www.facebook.com\/grupoajimport\/?locale=pt_BR\" \/>\n<meta property=\"article:published_time\" content=\"2025-01-08T19:03:02+00:00\" \/>\n<meta property=\"article:modified_time\" content=\"2025-02-25T20:48:10+00:00\" \/>\n<meta property=\"og:image\" content=\"https:\/\/ajimport.com.br\/wp-content\/uploads\/2025\/01\/dane-deaner-_-KLkj7on_c-unsplash-scaled.jpg\" \/>\n\t<meta property=\"og:image:width\" content=\"2560\" \/>\n\t<meta property=\"og:image:height\" content=\"2048\" \/>\n\t<meta property=\"og:image:type\" content=\"image\/jpeg\" \/>\n<meta name=\"author\" content=\"Fernando\" \/>\n<meta name=\"twitter:card\" content=\"summary_large_image\" \/>\n<meta name=\"twitter:label1\" content=\"Written by\" \/>\n\t<meta name=\"twitter:data1\" content=\"Fernando\" \/>\n\t<meta name=\"twitter:label2\" content=\"Est. reading time\" \/>\n\t<meta name=\"twitter:data2\" content=\"3 minutes\" \/>\n<script type=\"application\/ld+json\" class=\"yoast-schema-graph\">{\"@context\":\"https:\\\/\\\/schema.org\",\"@graph\":[{\"@type\":\"Article\",\"@id\":\"https:\\\/\\\/ajimport.com.br\\\/tendencias-em-cadeiras-para-escritorio\\\/#article\",\"isPartOf\":{\"@id\":\"https:\\\/\\\/ajimport.com.br\\\/tendencias-em-cadeiras-para-escritorio\\\/\"},\"author\":{\"name\":\"Fernando\",\"@id\":\"https:\\\/\\\/ajimport.com.br\\\/#\\\/schema\\\/person\\\/29b0a525e53cf3363135fccc35c14d4e\"},\"headline\":\"Tend\u00eancias em Cadeiras para Escrit\u00f3rio\",\"datePublished\":\"2025-01-08T19:03:02+00:00\",\"dateModified\":\"2025-02-25T20:48:10+00:00\",\"mainEntityOfPage\":{\"@id\":\"https:\\\/\\\/ajimport.com.br\\\/tendencias-em-cadeiras-para-escritorio\\\/\"},\"wordCount\":464,\"commentCount\":0,\"publisher\":{\"@id\":\"https:\\\/\\\/ajimport.com.br\\\/#organization\"},\"image\":{\"@id\":\"https:\\\/\\\/ajimport.com.br\\\/tendencias-em-cadeiras-para-escritorio\\\/#primaryimage\"},\"thumbnailUrl\":\"https:\\\/\\\/ajimport.com.br\\\/wp-content\\\/uploads\\\/2025\\\/01\\\/dane-deaner-_-KLkj7on_c-unsplash-scaled.jpg\",\"articleSection\":[\"Blog\"],\"inLanguage\":\"en-US\",\"potentialAction\":[{\"@type\":\"CommentAction\",\"name\":\"Comment\",\"target\":[\"https:\\\/\\\/ajimport.com.br\\\/tendencias-em-cadeiras-para-escritorio\\\/#respond\"]}]},{\"@type\":\"WebPage\",\"@id\":\"https:\\\/\\\/ajimport.com.br\\\/tendencias-em-cadeiras-para-escritorio\\\/\",\"url\":\"https:\\\/\\\/ajimport.com.br\\\/tendencias-em-cadeiras-para-escritorio\\\/\",\"name\":\"Tend\u00eancias em Cadeiras para Escrit\u00f3rio - AJ Import\",\"isPartOf\":{\"@id\":\"https:\\\/\\\/ajimport.com.br\\\/#website\"},\"primaryImageOfPage\":{\"@id\":\"https:\\\/\\\/ajimport.com.br\\\/tendencias-em-cadeiras-para-escritorio\\\/#primaryimage\"},\"image\":{\"@id\":\"https:\\\/\\\/ajimport.com.br\\\/tendencias-em-cadeiras-para-escritorio\\\/#primaryimage\"},\"thumbnailUrl\":\"https:\\\/\\\/ajimport.com.br\\\/wp-content\\\/uploads\\\/2025\\\/01\\\/dane-deaner-_-KLkj7on_c-unsplash-scaled.jpg\",\"datePublished\":\"2025-01-08T19:03:02+00:00\",\"dateModified\":\"2025-02-25T20:48:10+00:00\",\"description\":\"Tend\u00eancias em cadeiras de escrit\u00f3rio que unem ergonomia, estilo e tecnologia para mais conforto e produtividade.\",\"breadcrumb\":{\"@id\":\"https:\\\/\\\/ajimport.com.br\\\/tendencias-em-cadeiras-para-escritorio\\\/#breadcrumb\"},\"inLanguage\":\"en-US\",\"potentialAction\":[{\"@type\":\"ReadAction\",\"target\":[\"https:\\\/\\\/ajimport.com.br\\\/tendencias-em-cadeiras-para-escritorio\\\/\"]}]},{\"@type\":\"ImageObject\",\"inLanguage\":\"en-US\",\"@id\":\"https:\\\/\\\/ajimport.com.br\\\/tendencias-em-cadeiras-para-escritorio\\\/#primaryimage\",\"url\":\"https:\\\/\\\/ajimport.com.br\\\/wp-content\\\/uploads\\\/2025\\\/01\\\/dane-deaner-_-KLkj7on_c-unsplash-scaled.jpg\",\"contentUrl\":\"https:\\\/\\\/ajimport.com.br\\\/wp-content\\\/uploads\\\/2025\\\/01\\\/dane-deaner-_-KLkj7on_c-unsplash-scaled.jpg\",\"width\":2560,\"height\":2048},{\"@type\":\"BreadcrumbList\",\"@id\":\"https:\\\/\\\/ajimport.com.br\\\/tendencias-em-cadeiras-para-escritorio\\\/#breadcrumb\",\"itemListElement\":[{\"@type\":\"ListItem\",\"position\":1,\"name\":\"Home\",\"item\":\"https:\\\/\\\/ajimport.com.br\\\/\"},{\"@type\":\"ListItem\",\"position\":2,\"name\":\"Tend\u00eancias em Cadeiras para Escrit\u00f3rio\"}]},{\"@type\":\"WebSite\",\"@id\":\"https:\\\/\\\/ajimport.com.br\\\/#website\",\"url\":\"https:\\\/\\\/ajimport.com.br\\\/\",\"name\":\"AJ Import\",\"description\":\"A maior especialista em cadeiras  importadas do pa\u00eds.\",\"publisher\":{\"@id\":\"https:\\\/\\\/ajimport.com.br\\\/#organization\"},\"potentialAction\":[{\"@type\":\"SearchAction\",\"target\":{\"@type\":\"EntryPoint\",\"urlTemplate\":\"https:\\\/\\\/ajimport.com.br\\\/?s={search_term_string}\"},\"query-input\":{\"@type\":\"PropertyValueSpecification\",\"valueRequired\":true,\"valueName\":\"search_term_string\"}}],\"inLanguage\":\"en-US\"},{\"@type\":\"Organization\",\"@id\":\"https:\\\/\\\/ajimport.com.br\\\/#organization\",\"name\":\"Grupo AJ Import\",\"url\":\"https:\\\/\\\/ajimport.com.br\\\/\",\"logo\":{\"@type\":\"ImageObject\",\"inLanguage\":\"en-US\",\"@id\":\"https:\\\/\\\/ajimport.com.br\\\/#\\\/schema\\\/logo\\\/image\\\/\",\"url\":\"https:\\\/\\\/ajimport.com.br\\\/wp-content\\\/uploads\\\/2022\\\/10\\\/Grupo-53-1.png\",\"contentUrl\":\"https:\\\/\\\/ajimport.com.br\\\/wp-content\\\/uploads\\\/2022\\\/10\\\/Grupo-53-1.png\",\"width\":80,\"height\":64,\"caption\":\"Grupo AJ Import\"},\"image\":{\"@id\":\"https:\\\/\\\/ajimport.com.br\\\/#\\\/schema\\\/logo\\\/image\\\/\"},\"sameAs\":[\"https:\\\/\\\/www.facebook.com\\\/grupoajimport\\\/?locale=pt_BR\",\"https:\\\/\\\/www.instagram.com\\\/grupoajimport\\\/\",\"https:\\\/\\\/br.linkedin.com\\\/company\\\/grupoajimport\"]},{\"@type\":\"Person\",\"@id\":\"https:\\\/\\\/ajimport.com.br\\\/#\\\/schema\\\/person\\\/29b0a525e53cf3363135fccc35c14d4e\",\"name\":\"Fernando\",\"image\":{\"@type\":\"ImageObject\",\"inLanguage\":\"en-US\",\"@id\":\"https:\\\/\\\/secure.gravatar.com\\\/avatar\\\/cb690af47e9c58fe2c2e811c2e38f6b28173fc1fd3f5453a4cd4388c6f31feb9?s=96&d=mm&r=g\",\"url\":\"https:\\\/\\\/secure.gravatar.com\\\/avatar\\\/cb690af47e9c58fe2c2e811c2e38f6b28173fc1fd3f5453a4cd4388c6f31feb9?s=96&d=mm&r=g\",\"contentUrl\":\"https:\\\/\\\/secure.gravatar.com\\\/avatar\\\/cb690af47e9c58fe2c2e811c2e38f6b28173fc1fd3f5453a4cd4388c6f31feb9?s=96&d=mm&r=g\",\"caption\":\"Fernando\"},\"url\":\"#\"}]}<\/script>\n<!-- \/ Yoast SEO Premium plugin. -->","yoast_head_json":{"title":"Tend\u00eancias em Cadeiras para Escrit\u00f3rio - AJ Import","description":"Tend\u00eancias em cadeiras de escrit\u00f3rio que unem ergonomia, estilo e tecnologia para mais conforto e produtividade.","robots":{"index":"index","follow":"follow","max-snippet":"max-snippet:-1","max-image-preview":"max-image-preview:large","max-video-preview":"max-video-preview:-1"},"canonical":"https:\/\/ajimport.com.br\/en\/tendencias-em-cadeiras-para-escritorio\/","og_locale":"en_US","og_type":"article","og_title":"Tend\u00eancias em Cadeiras para Escrit\u00f3rio","og_description":"Tend\u00eancias em cadeiras de escrit\u00f3rio que unem ergonomia, estilo e tecnologia para mais conforto e produtividade.","og_url":"https:\/\/ajimport.com.br\/en\/tendencias-em-cadeiras-para-escritorio\/","og_site_name":"AJ Import","article_publisher":"https:\/\/www.facebook.com\/grupoajimport\/?locale=pt_BR","article_published_time":"2025-01-08T19:03:02+00:00","article_modified_time":"2025-02-25T20:48:10+00:00","og_image":[{"width":2560,"height":2048,"url":"https:\/\/ajimport.com.br\/wp-content\/uploads\/2025\/01\/dane-deaner-_-KLkj7on_c-unsplash-scaled.jpg","type":"image\/jpeg"}],"author":"Fernando","twitter_card":"summary_large_image","twitter_misc":{"Written by":"Fernando","Est. reading time":"3 minutes"},"schema":{"@context":"https:\/\/schema.org","@graph":[{"@type":"Article","@id":"https:\/\/ajimport.com.br\/tendencias-em-cadeiras-para-escritorio\/#article","isPartOf":{"@id":"https:\/\/ajimport.com.br\/tendencias-em-cadeiras-para-escritorio\/"},"author":{"name":"Fernando","@id":"https:\/\/ajimport.com.br\/#\/schema\/person\/29b0a525e53cf3363135fccc35c14d4e"},"headline":"Tend\u00eancias em Cadeiras para Escrit\u00f3rio","datePublished":"2025-01-08T19:03:02+00:00","dateModified":"2025-02-25T20:48:10+00:00","mainEntityOfPage":{"@id":"https:\/\/ajimport.com.br\/tendencias-em-cadeiras-para-escritorio\/"},"wordCount":464,"commentCount":0,"publisher":{"@id":"https:\/\/ajimport.com.br\/#organization"},"image":{"@id":"https:\/\/ajimport.com.br\/tendencias-em-cadeiras-para-escritorio\/#primaryimage"},"thumbnailUrl":"https:\/\/ajimport.com.br\/wp-content\/uploads\/2025\/01\/dane-deaner-_-KLkj7on_c-unsplash-scaled.jpg","articleSection":["Blog"],"inLanguage":"en-US","potentialAction":[{"@type":"CommentAction","name":"Comment","target":["https:\/\/ajimport.com.br\/tendencias-em-cadeiras-para-escritorio\/#respond"]}]},{"@type":"WebPage","@id":"https:\/\/ajimport.com.br\/tendencias-em-cadeiras-para-escritorio\/","url":"https:\/\/ajimport.com.br\/tendencias-em-cadeiras-para-escritorio\/","name":"Tend\u00eancias em Cadeiras para Escrit\u00f3rio - AJ Import","isPartOf":{"@id":"https:\/\/ajimport.com.br\/#website"},"primaryImageOfPage":{"@id":"https:\/\/ajimport.com.br\/tendencias-em-cadeiras-para-escritorio\/#primaryimage"},"image":{"@id":"https:\/\/ajimport.com.br\/tendencias-em-cadeiras-para-escritorio\/#primaryimage"},"thumbnailUrl":"https:\/\/ajimport.com.br\/wp-content\/uploads\/2025\/01\/dane-deaner-_-KLkj7on_c-unsplash-scaled.jpg","datePublished":"2025-01-08T19:03:02+00:00","dateModified":"2025-02-25T20:48:10+00:00","description":"Tend\u00eancias em cadeiras de escrit\u00f3rio que unem ergonomia, estilo e tecnologia para mais conforto e produtividade.","breadcrumb":{"@id":"https:\/\/ajimport.com.br\/tendencias-em-cadeiras-para-escritorio\/#breadcrumb"},"inLanguage":"en-US","potentialAction":[{"@type":"ReadAction","target":["https:\/\/ajimport.com.br\/tendencias-em-cadeiras-para-escritorio\/"]}]},{"@type":"ImageObject","inLanguage":"en-US","@id":"https:\/\/ajimport.com.br\/tendencias-em-cadeiras-para-escritorio\/#primaryimage","url":"https:\/\/ajimport.com.br\/wp-content\/uploads\/2025\/01\/dane-deaner-_-KLkj7on_c-unsplash-scaled.jpg","contentUrl":"https:\/\/ajimport.com.br\/wp-content\/uploads\/2025\/01\/dane-deaner-_-KLkj7on_c-unsplash-scaled.jpg","width":2560,"height":2048},{"@type":"BreadcrumbList","@id":"https:\/\/ajimport.com.br\/tendencias-em-cadeiras-para-escritorio\/#breadcrumb","itemListElement":[{"@type":"ListItem","position":1,"name":"Home","item":"https:\/\/ajimport.com.br\/"},{"@type":"ListItem","position":2,"name":"Tend\u00eancias em Cadeiras para Escrit\u00f3rio"}]},{"@type":"WebSite","@id":"https:\/\/ajimport.com.br\/#website","url":"https:\/\/ajimport.com.br\/","name":"AJ Import","description":"A maior especialista em cadeiras  importadas do pa\u00eds.","publisher":{"@id":"https:\/\/ajimport.com.br\/#organization"},"potentialAction":[{"@type":"SearchAction","target":{"@type":"EntryPoint","urlTemplate":"https:\/\/ajimport.com.br\/?s={search_term_string}"},"query-input":{"@type":"PropertyValueSpecification","valueRequired":true,"valueName":"search_term_string"}}],"inLanguage":"en-US"},{"@type":"Organization","@id":"https:\/\/ajimport.com.br\/#organization","name":"Grupo AJ Import","url":"https:\/\/ajimport.com.br\/","logo":{"@type":"ImageObject","inLanguage":"en-US","@id":"https:\/\/ajimport.com.br\/#\/schema\/logo\/image\/","url":"https:\/\/ajimport.com.br\/wp-content\/uploads\/2022\/10\/Grupo-53-1.png","contentUrl":"https:\/\/ajimport.com.br\/wp-content\/uploads\/2022\/10\/Grupo-53-1.png","width":80,"height":64,"caption":"Grupo AJ Import"},"image":{"@id":"https:\/\/ajimport.com.br\/#\/schema\/logo\/image\/"},"sameAs":["https:\/\/www.facebook.com\/grupoajimport\/?locale=pt_BR","https:\/\/www.instagram.com\/grupoajimport\/","https:\/\/br.linkedin.com\/company\/grupoajimport"]},{"@type":"Person","@id":"https:\/\/ajimport.com.br\/#\/schema\/person\/29b0a525e53cf3363135fccc35c14d4e","name":"Fernando","image":{"@type":"ImageObject","inLanguage":"en-US","@id":"https:\/\/secure.gravatar.com\/avatar\/cb690af47e9c58fe2c2e811c2e38f6b28173fc1fd3f5453a4cd4388c6f31feb9?s=96&d=mm&r=g","url":"https:\/\/secure.gravatar.com\/avatar\/cb690af47e9c58fe2c2e811c2e38f6b28173fc1fd3f5453a4cd4388c6f31feb9?s=96&d=mm&r=g","contentUrl":"https:\/\/secure.gravatar.com\/avatar\/cb690af47e9c58fe2c2e811c2e38f6b28173fc1fd3f5453a4cd4388c6f31feb9?s=96&d=mm&r=g","caption":"Fernando"},"url":"#"}]}},"_links":{"self":[{"href":"https:\/\/ajimport.com.br\/en\/wp-json\/wp\/v2\/posts\/19334","targetHints":{"allow":["GET"]}}],"collection":[{"href":"https:\/\/ajimport.com.br\/en\/wp-json\/wp\/v2\/posts"}],"about":[{"href":"https:\/\/ajimport.com.br\/en\/wp-json\/wp\/v2\/types\/post"}],"author":[{"embeddable":true,"href":"https:\/\/ajimport.com.br\/en\/wp-json\/wp\/v2\/users\/4"}],"replies":[{"embeddable":true,"href":"https:\/\/ajimport.com.br\/en\/wp-json\/wp\/v2\/comments?post=19334"}],"version-history":[{"count":12,"href":"https:\/\/ajimport.com.br\/en\/wp-json\/wp\/v2\/posts\/19334\/revisions"}],"predecessor-version":[{"id":19656,"href":"https:\/\/ajimport.com.br\/en\/wp-json\/wp\/v2\/posts\/19334\/revisions\/19656"}],"wp:featuredmedia":[{"embeddable":true,"href":"https:\/\/ajimport.com.br\/en\/wp-json\/wp\/v2\/media\/19336"}],"wp:attachment":[{"href":"https:\/\/ajimport.com.br\/en\/wp-json\/wp\/v2\/media?parent=19334"}],"wp:term":[{"taxonomy":"category","embeddable":true,"href":"https:\/\/ajimport.com.br\/en\/wp-json\/wp\/v2\/categories?post=19334"},{"taxonomy":"post_tag","embeddable":true,"href":"https:\/\/ajimport.com.br\/en\/wp-json\/wp\/v2\/tags?post=19334"}],"curies":[{"name":"wp","href":"https:\/\/api.w.org\/{rel}","templated":true}]}}